{"id":466,"date":"2022-11-04T15:52:38","date_gmt":"2022-11-04T14:52:38","guid":{"rendered":"http:\/\/www.harmonieethabitat.com\/?p=466"},"modified":"2022-11-04T15:57:17","modified_gmt":"2022-11-04T14:57:17","slug":"salon-mieux-vivre","status":"publish","type":"post","link":"https:\/\/www.harmonieethabitat.com\/index.php\/2022\/11\/04\/salon-mieux-vivre\/","title":{"rendered":"Salon \u00ab\u00a0Mieux Vivre\u00a0\u00bb"},"content":{"rendered":"\n<div class=\"wp-block-media-text alignwide is-stacked-on-mobile\"><figure class=\"wp-block-media-text__media\"><img loading=\"lazy\" width=\"768\" height=\"1024\" src=\"http:\/\/www.harmonieethabitat.com\/wp-content\/uploads\/2022\/11\/Photo1-768x1024.jpeg\" alt=\"\" class=\"wp-image-468 size-full\" srcset=\"https:\/\/www.harmonieethabitat.com\/wp-content\/uploads\/2022\/11\/Photo1-768x1024.jpeg 768w, https:\/\/www.harmonieethabitat.com\/wp-content\/uploads\/2022\/11\/Photo1-225x300.jpeg 225w, https:\/\/www.harmonieethabitat.com\/wp-content\/uploads\/2022\/11\/Photo1-1152x1536.jpeg 1152w, https:\/\/www.harmonieethabitat.com\/wp-content\/uploads\/2022\/11\/Photo1.jpeg 1500w\" sizes=\"(max-width: 768px) 100vw, 768px\" \/><\/figure><div class=\"wp-block-media-text__content\">\n<blockquote class=\"wp-block-quote\"><p>Expositon d&rsquo;<em>Harmonie et Habitat<\/em> au Salon \u00ab\u00a0Mieux Vivre\u00a0\u00bb \u00e9dition Naturellia 2022 \u00e0 la Roche-sur-Foron en Haute Savoie. <\/p><\/blockquote>\n<\/div><\/div>\n\n\n\n<div class=\"wp-block-media-text alignwide has-media-on-the-right is-stacked-on-mobile\" style=\"grid-template-columns:auto 64%\"><figure class=\"wp-block-media-text__media\"><img loading=\"lazy\" width=\"1024\" height=\"768\" src=\"http:\/\/www.harmonieethabitat.com\/wp-content\/uploads\/2022\/11\/Photo2-1024x768.jpeg\" alt=\"\" class=\"wp-image-469 size-full\" srcset=\"https:\/\/www.harmonieethabitat.com\/wp-content\/uploads\/2022\/11\/Photo2-1024x768.jpeg 1024w, https:\/\/www.harmonieethabitat.com\/wp-content\/uploads\/2022\/11\/Photo2-300x225.jpeg 300w, https:\/\/www.harmonieethabitat.com\/wp-content\/uploads\/2022\/11\/Photo2-768x576.jpeg 768w, https:\/\/www.harmonieethabitat.com\/wp-content\/uploads\/2022\/11\/Photo2-1536x1152.jpeg 1536w, https:\/\/www.harmonieethabitat.com\/wp-content\/uploads\/2022\/11\/Photo2-1568x1176.jpeg 1568w, https:\/\/www.harmonieethabitat.com\/wp-content\/uploads\/2022\/11\/Photo2.jpeg 2000w\" sizes=\"(max-width: 1024px) 100vw, 1024px\" \/><\/figure><div class=\"wp-block-media-text__content\">\n<blockquote class=\"wp-block-quote\"><p>Mise en lumi\u00e8re du <em>Feng Shui<\/em> afin de faire conna\u00eetre cette belle discipline et ses bienfaits pour nos int\u00e9rieurs. <\/p><\/blockquote>\n\n\n\n<p><\/p>\n<\/div><\/div>\n\n\n\n<div class=\"wp-block-media-text alignwide is-stacked-on-mobile\"><figure class=\"wp-block-media-text__media\"><img loading=\"lazy\" width=\"768\" height=\"1024\" src=\"http:\/\/www.harmonieethabitat.com\/wp-content\/uploads\/2022\/11\/Photo3-768x1024.jpeg\" alt=\"\" class=\"wp-image-470 size-full\" srcset=\"https:\/\/www.harmonieethabitat.com\/wp-content\/uploads\/2022\/11\/Photo3-768x1024.jpeg 768w, https:\/\/www.harmonieethabitat.com\/wp-content\/uploads\/2022\/11\/Photo3-225x300.jpeg 225w, https:\/\/www.harmonieethabitat.com\/wp-content\/uploads\/2022\/11\/Photo3-1152x1536.jpeg 1152w, https:\/\/www.harmonieethabitat.com\/wp-content\/uploads\/2022\/11\/Photo3.jpeg 1200w\" sizes=\"(max-width: 768px) 100vw, 768px\" \/><\/figure><div class=\"wp-block-media-text__content\">\n<blockquote class=\"wp-block-quote\"><p>L&rsquo;Architecture d&rsquo;int\u00e9rieur au service du <em>Feng Shui<\/em> afin d&rsquo;apporter l&rsquo;\u00e9quilibre et l&rsquo;harmonie dans nos lieux de vie. <\/p><\/blockquote>\n<\/div><\/div>\n","protected":false},"excerpt":{"rendered":"<p>Expositon d&rsquo;Harmonie et Habitat au Salon \u00ab\u00a0Mieux Vivre\u00a0\u00bb \u00e9dition Naturellia 2022 \u00e0 la Roche-sur-Foron en Haute Savoie. Mise en lumi\u00e8re du Feng Shui afin de faire conna\u00eetre cette belle discipline et ses bienfaits pour nos int\u00e9rieurs. L&rsquo;Architecture d&rsquo;int\u00e9rieur au service du Feng Shui afin d&rsquo;apporter l&rsquo;\u00e9quilibre et l&rsquo;harmonie dans nos lieux de vie.<\/p>\n","protected":false},"author":2,"featured_media":0,"comment_status":"open","ping_status":"open","sticky":false,"template":"","format":"standard","meta":[],"categories":[1],"tags":[],"yoast_head":"<!-- This site is optimized with the Yoast SEO plugin v20.5 - https:\/\/yoast.com\/wordpress\/plugins\/seo\/ -->\n<title>Salon &quot;Mieux Vivre&quot; - Harmonie et Habitat<\/title>\n<meta name=\"description\" content=\"Bonjour \u00e0 tous, Retour sur le Salon &quot;Mieux Vivre&quot; \u00e9dition Naturellia \u00e0 la Roche-sur-Foron. Le salon Naturellia, c&#039;est cinq belles journ\u00e9e riches en partages autour du Feng Shui et de l&#039;habitat et c&#039;est aussi de belles rencontres ! Merci \u00e0 toute mon \u00e9quipe pour son soutien et sa disponibilit\u00e9 ! Elodie Excoffier Harmonie et Habitat\" \/>\n<meta name=\"robots\" content=\"index, follow, max-snippet:-1, max-image-preview:large, max-video-preview:-1\" \/>\n<link rel=\"canonical\" href=\"https:\/\/www.harmonieethabitat.com\/index.php\/2022\/11\/04\/salon-mieux-vivre\/\" \/>\n<meta property=\"og:locale\" content=\"fr_FR\" \/>\n<meta property=\"og:type\" content=\"article\" \/>\n<meta property=\"og:title\" content=\"Salon &quot;Mieux Vivre&quot; - Harmonie et Habitat\" \/>\n<meta property=\"og:description\" content=\"Bonjour \u00e0 tous, Retour sur le Salon &quot;Mieux Vivre&quot; \u00e9dition Naturellia \u00e0 la Roche-sur-Foron. Le salon Naturellia, c&#039;est cinq belles journ\u00e9e riches en partages autour du Feng Shui et de l&#039;habitat et c&#039;est aussi de belles rencontres ! Merci \u00e0 toute mon \u00e9quipe pour son soutien et sa disponibilit\u00e9 ! Elodie Excoffier Harmonie et Habitat\" \/>\n<meta property=\"og:url\" content=\"https:\/\/www.harmonieethabitat.com\/index.php\/2022\/11\/04\/salon-mieux-vivre\/\" \/>\n<meta property=\"og:site_name\" content=\"Harmonie et Habitat\" \/>\n<meta property=\"article:published_time\" content=\"2022-11-04T14:52:38+00:00\" \/>\n<meta property=\"article:modified_time\" content=\"2022-11-04T14:57:17+00:00\" \/>\n<meta property=\"og:image\" content=\"http:\/\/www.harmonieethabitat.com\/wp-content\/uploads\/2022\/11\/Photo1-768x1024.jpeg\" \/>\n<meta name=\"author\" content=\"Elodie\" \/>\n<meta name=\"twitter:card\" content=\"summary_large_image\" \/>\n<meta name=\"twitter:label1\" content=\"\u00c9crit par\" \/>\n\t<meta name=\"twitter:data1\" content=\"Elodie\" \/>\n\t<meta name=\"twitter:label2\" content=\"Dur\u00e9e de lecture estim\u00e9e\" \/>\n\t<meta name=\"twitter:data2\" content=\"1 minute\" \/>\n<script type=\"application\/ld+json\" class=\"yoast-schema-graph\">{\"@context\":\"https:\/\/schema.org\",\"@graph\":[{\"@type\":\"Article\",\"@id\":\"https:\/\/www.harmonieethabitat.com\/index.php\/2022\/11\/04\/salon-mieux-vivre\/#article\",\"isPartOf\":{\"@id\":\"https:\/\/www.harmonieethabitat.com\/index.php\/2022\/11\/04\/salon-mieux-vivre\/\"},\"author\":{\"name\":\"Elodie\",\"@id\":\"https:\/\/www.harmonieethabitat.com\/#\/schema\/person\/217d5c569c26e2559d4da0220cd008d9\"},\"headline\":\"Salon \u00ab\u00a0Mieux Vivre\u00a0\u00bb\",\"datePublished\":\"2022-11-04T14:52:38+00:00\",\"dateModified\":\"2022-11-04T14:57:17+00:00\",\"mainEntityOfPage\":{\"@id\":\"https:\/\/www.harmonieethabitat.com\/index.php\/2022\/11\/04\/salon-mieux-vivre\/\"},\"wordCount\":59,\"commentCount\":0,\"publisher\":{\"@id\":\"https:\/\/www.harmonieethabitat.com\/#organization\"},\"inLanguage\":\"fr-FR\",\"potentialAction\":[{\"@type\":\"CommentAction\",\"name\":\"Comment\",\"target\":[\"https:\/\/www.harmonieethabitat.com\/index.php\/2022\/11\/04\/salon-mieux-vivre\/#respond\"]}]},{\"@type\":\"WebPage\",\"@id\":\"https:\/\/www.harmonieethabitat.com\/index.php\/2022\/11\/04\/salon-mieux-vivre\/\",\"url\":\"https:\/\/www.harmonieethabitat.com\/index.php\/2022\/11\/04\/salon-mieux-vivre\/\",\"name\":\"Salon \\\"Mieux Vivre\\\" - Harmonie et Habitat\",\"isPartOf\":{\"@id\":\"https:\/\/www.harmonieethabitat.com\/#website\"},\"datePublished\":\"2022-11-04T14:52:38+00:00\",\"dateModified\":\"2022-11-04T14:57:17+00:00\",\"description\":\"Bonjour \u00e0 tous, Retour sur le Salon \\\"Mieux Vivre\\\" \u00e9dition Naturellia \u00e0 la Roche-sur-Foron. Le salon Naturellia, c'est cinq belles journ\u00e9e riches en partages autour du Feng Shui et de l'habitat et c'est aussi de belles rencontres ! Merci \u00e0 toute mon \u00e9quipe pour son soutien et sa disponibilit\u00e9 ! Elodie Excoffier Harmonie et Habitat\",\"breadcrumb\":{\"@id\":\"https:\/\/www.harmonieethabitat.com\/index.php\/2022\/11\/04\/salon-mieux-vivre\/#breadcrumb\"},\"inLanguage\":\"fr-FR\",\"potentialAction\":[{\"@type\":\"ReadAction\",\"target\":[\"https:\/\/www.harmonieethabitat.com\/index.php\/2022\/11\/04\/salon-mieux-vivre\/\"]}]},{\"@type\":\"BreadcrumbList\",\"@id\":\"https:\/\/www.harmonieethabitat.com\/index.php\/2022\/11\/04\/salon-mieux-vivre\/#breadcrumb\",\"itemListElement\":[{\"@type\":\"ListItem\",\"position\":1,\"name\":\"Accueil\",\"item\":\"https:\/\/www.harmonieethabitat.com\/\"},{\"@type\":\"ListItem\",\"position\":2,\"name\":\"Salon \u00ab\u00a0Mieux Vivre\u00a0\u00bb\"}]},{\"@type\":\"WebSite\",\"@id\":\"https:\/\/www.harmonieethabitat.com\/#website\",\"url\":\"https:\/\/www.harmonieethabitat.com\/\",\"name\":\"Harmonie et Habitat\",\"description\":\"\",\"publisher\":{\"@id\":\"https:\/\/www.harmonieethabitat.com\/#organization\"},\"potentialAction\":[{\"@type\":\"SearchAction\",\"target\":{\"@type\":\"EntryPoint\",\"urlTemplate\":\"https:\/\/www.harmonieethabitat.com\/?s={search_term_string}\"},\"query-input\":\"required name=search_term_string\"}],\"inLanguage\":\"fr-FR\"},{\"@type\":\"Organization\",\"@id\":\"https:\/\/www.harmonieethabitat.com\/#organization\",\"name\":\"Harmonie et Habitat\",\"url\":\"https:\/\/www.harmonieethabitat.com\/\",\"logo\":{\"@type\":\"ImageObject\",\"inLanguage\":\"fr-FR\",\"@id\":\"https:\/\/www.harmonieethabitat.com\/#\/schema\/logo\/image\/\",\"url\":\"https:\/\/www.harmonieethabitat.com\/wp-content\/uploads\/2021\/04\/cropped-logo-harmonie-et-habitat-definitif.jpg\",\"contentUrl\":\"https:\/\/www.harmonieethabitat.com\/wp-content\/uploads\/2021\/04\/cropped-logo-harmonie-et-habitat-definitif.jpg\",\"width\":512,\"height\":512,\"caption\":\"Harmonie et Habitat\"},\"image\":{\"@id\":\"https:\/\/www.harmonieethabitat.com\/#\/schema\/logo\/image\/\"}},{\"@type\":\"Person\",\"@id\":\"https:\/\/www.harmonieethabitat.com\/#\/schema\/person\/217d5c569c26e2559d4da0220cd008d9\",\"name\":\"Elodie\",\"image\":{\"@type\":\"ImageObject\",\"inLanguage\":\"fr-FR\",\"@id\":\"https:\/\/www.harmonieethabitat.com\/#\/schema\/person\/image\/\",\"url\":\"https:\/\/secure.gravatar.com\/avatar\/e0a2114a35a929737c9831fbb3ce8e01?s=96&d=mm&r=g\",\"contentUrl\":\"https:\/\/secure.gravatar.com\/avatar\/e0a2114a35a929737c9831fbb3ce8e01?s=96&d=mm&r=g\",\"caption\":\"Elodie\"},\"url\":\"https:\/\/www.harmonieethabitat.com\/index.php\/author\/elodie\/\"}]}<\/script>\n<!-- \/ Yoast SEO plugin. -->","yoast_head_json":{"title":"Salon \"Mieux Vivre\" - Harmonie et Habitat","description":"Bonjour \u00e0 tous, Retour sur le Salon \"Mieux Vivre\" \u00e9dition Naturellia \u00e0 la Roche-sur-Foron. Le salon Naturellia, c'est cinq belles journ\u00e9e riches en partages autour du Feng Shui et de l'habitat et c'est aussi de belles rencontres ! Merci \u00e0 toute mon \u00e9quipe pour son soutien et sa disponibilit\u00e9 ! Elodie Excoffier Harmonie et Habitat","robots":{"index":"index","follow":"follow","max-snippet":"max-snippet:-1","max-image-preview":"max-image-preview:large","max-video-preview":"max-video-preview:-1"},"canonical":"https:\/\/www.harmonieethabitat.com\/index.php\/2022\/11\/04\/salon-mieux-vivre\/","og_locale":"fr_FR","og_type":"article","og_title":"Salon \"Mieux Vivre\" - Harmonie et Habitat","og_description":"Bonjour \u00e0 tous, Retour sur le Salon \"Mieux Vivre\" \u00e9dition Naturellia \u00e0 la Roche-sur-Foron. Le salon Naturellia, c'est cinq belles journ\u00e9e riches en partages autour du Feng Shui et de l'habitat et c'est aussi de belles rencontres ! Merci \u00e0 toute mon \u00e9quipe pour son soutien et sa disponibilit\u00e9 ! Elodie Excoffier Harmonie et Habitat","og_url":"https:\/\/www.harmonieethabitat.com\/index.php\/2022\/11\/04\/salon-mieux-vivre\/","og_site_name":"Harmonie et Habitat","article_published_time":"2022-11-04T14:52:38+00:00","article_modified_time":"2022-11-04T14:57:17+00:00","og_image":[{"url":"http:\/\/www.harmonieethabitat.com\/wp-content\/uploads\/2022\/11\/Photo1-768x1024.jpeg"}],"author":"Elodie","twitter_card":"summary_large_image","twitter_misc":{"\u00c9crit par":"Elodie","Dur\u00e9e de lecture estim\u00e9e":"1 minute"},"schema":{"@context":"https:\/\/schema.org","@graph":[{"@type":"Article","@id":"https:\/\/www.harmonieethabitat.com\/index.php\/2022\/11\/04\/salon-mieux-vivre\/#article","isPartOf":{"@id":"https:\/\/www.harmonieethabitat.com\/index.php\/2022\/11\/04\/salon-mieux-vivre\/"},"author":{"name":"Elodie","@id":"https:\/\/www.harmonieethabitat.com\/#\/schema\/person\/217d5c569c26e2559d4da0220cd008d9"},"headline":"Salon \u00ab\u00a0Mieux Vivre\u00a0\u00bb","datePublished":"2022-11-04T14:52:38+00:00","dateModified":"2022-11-04T14:57:17+00:00","mainEntityOfPage":{"@id":"https:\/\/www.harmonieethabitat.com\/index.php\/2022\/11\/04\/salon-mieux-vivre\/"},"wordCount":59,"commentCount":0,"publisher":{"@id":"https:\/\/www.harmonieethabitat.com\/#organization"},"inLanguage":"fr-FR","potentialAction":[{"@type":"CommentAction","name":"Comment","target":["https:\/\/www.harmonieethabitat.com\/index.php\/2022\/11\/04\/salon-mieux-vivre\/#respond"]}]},{"@type":"WebPage","@id":"https:\/\/www.harmonieethabitat.com\/index.php\/2022\/11\/04\/salon-mieux-vivre\/","url":"https:\/\/www.harmonieethabitat.com\/index.php\/2022\/11\/04\/salon-mieux-vivre\/","name":"Salon \"Mieux Vivre\" - Harmonie et Habitat","isPartOf":{"@id":"https:\/\/www.harmonieethabitat.com\/#website"},"datePublished":"2022-11-04T14:52:38+00:00","dateModified":"2022-11-04T14:57:17+00:00","description":"Bonjour \u00e0 tous, Retour sur le Salon \"Mieux Vivre\" \u00e9dition Naturellia \u00e0 la Roche-sur-Foron. Le salon Naturellia, c'est cinq belles journ\u00e9e riches en partages autour du Feng Shui et de l'habitat et c'est aussi de belles rencontres ! Merci \u00e0 toute mon \u00e9quipe pour son soutien et sa disponibilit\u00e9 ! Elodie Excoffier Harmonie et Habitat","breadcrumb":{"@id":"https:\/\/www.harmonieethabitat.com\/index.php\/2022\/11\/04\/salon-mieux-vivre\/#breadcrumb"},"inLanguage":"fr-FR","potentialAction":[{"@type":"ReadAction","target":["https:\/\/www.harmonieethabitat.com\/index.php\/2022\/11\/04\/salon-mieux-vivre\/"]}]},{"@type":"BreadcrumbList","@id":"https:\/\/www.harmonieethabitat.com\/index.php\/2022\/11\/04\/salon-mieux-vivre\/#breadcrumb","itemListElement":[{"@type":"ListItem","position":1,"name":"Accueil","item":"https:\/\/www.harmonieethabitat.com\/"},{"@type":"ListItem","position":2,"name":"Salon \u00ab\u00a0Mieux Vivre\u00a0\u00bb"}]},{"@type":"WebSite","@id":"https:\/\/www.harmonieethabitat.com\/#website","url":"https:\/\/www.harmonieethabitat.com\/","name":"Harmonie et Habitat","description":"","publisher":{"@id":"https:\/\/www.harmonieethabitat.com\/#organization"},"potentialAction":[{"@type":"SearchAction","target":{"@type":"EntryPoint","urlTemplate":"https:\/\/www.harmonieethabitat.com\/?s={search_term_string}"},"query-input":"required name=search_term_string"}],"inLanguage":"fr-FR"},{"@type":"Organization","@id":"https:\/\/www.harmonieethabitat.com\/#organization","name":"Harmonie et Habitat","url":"https:\/\/www.harmonieethabitat.com\/","logo":{"@type":"ImageObject","inLanguage":"fr-FR","@id":"https:\/\/www.harmonieethabitat.com\/#\/schema\/logo\/image\/","url":"https:\/\/www.harmonieethabitat.com\/wp-content\/uploads\/2021\/04\/cropped-logo-harmonie-et-habitat-definitif.jpg","contentUrl":"https:\/\/www.harmonieethabitat.com\/wp-content\/uploads\/2021\/04\/cropped-logo-harmonie-et-habitat-definitif.jpg","width":512,"height":512,"caption":"Harmonie et Habitat"},"image":{"@id":"https:\/\/www.harmonieethabitat.com\/#\/schema\/logo\/image\/"}},{"@type":"Person","@id":"https:\/\/www.harmonieethabitat.com\/#\/schema\/person\/217d5c569c26e2559d4da0220cd008d9","name":"Elodie","image":{"@type":"ImageObject","inLanguage":"fr-FR","@id":"https:\/\/www.harmonieethabitat.com\/#\/schema\/person\/image\/","url":"https:\/\/secure.gravatar.com\/avatar\/e0a2114a35a929737c9831fbb3ce8e01?s=96&d=mm&r=g","contentUrl":"https:\/\/secure.gravatar.com\/avatar\/e0a2114a35a929737c9831fbb3ce8e01?s=96&d=mm&r=g","caption":"Elodie"},"url":"https:\/\/www.harmonieethabitat.com\/index.php\/author\/elodie\/"}]}},"_links":{"self":[{"href":"https:\/\/www.harmonieethabitat.com\/index.php\/wp-json\/wp\/v2\/posts\/466"}],"collection":[{"href":"https:\/\/www.harmonieethabitat.com\/index.php\/wp-json\/wp\/v2\/posts"}],"about":[{"href":"https:\/\/www.harmonieethabitat.com\/index.php\/wp-json\/wp\/v2\/types\/post"}],"author":[{"embeddable":true,"href":"https:\/\/www.harmonieethabitat.com\/index.php\/wp-json\/wp\/v2\/users\/2"}],"replies":[{"embeddable":true,"href":"https:\/\/www.harmonieethabitat.com\/index.php\/wp-json\/wp\/v2\/comments?post=466"}],"version-history":[{"count":5,"href":"https:\/\/www.harmonieethabitat.com\/index.php\/wp-json\/wp\/v2\/posts\/466\/revisions"}],"predecessor-version":[{"id":476,"href":"https:\/\/www.harmonieethabitat.com\/index.php\/wp-json\/wp\/v2\/posts\/466\/revisions\/476"}],"wp:attachment":[{"href":"https:\/\/www.harmonieethabitat.com\/index.php\/wp-json\/wp\/v2\/media?parent=466"}],"wp:term":[{"taxonomy":"category","embeddable":true,"href":"https:\/\/www.harmonieethabitat.com\/index.php\/wp-json\/wp\/v2\/categories?post=466"},{"taxonomy":"post_tag","embeddable":true,"href":"https:\/\/www.harmonieethabitat.com\/index.php\/wp-json\/wp\/v2\/tags?post=466"}],"curies":[{"name":"wp","href":"https:\/\/api.w.org\/{rel}","templated":true}]}}