{"id":407,"date":"2022-06-27T14:21:08","date_gmt":"2022-06-27T12:21:08","guid":{"rendered":"http:\/\/www.harmonieethabitat.com\/?p=407"},"modified":"2022-07-11T11:56:03","modified_gmt":"2022-07-11T09:56:03","slug":"inspiration-kansai","status":"publish","type":"post","link":"https:\/\/www.harmonieethabitat.com\/index.php\/2022\/06\/27\/inspiration-kansai\/","title":{"rendered":"Inspiration \u00ab\u00a0Kansai\u00a0\u00bb"},"content":{"rendered":"\n<blockquote class=\"wp-block-quote\"><p>Une atmosph\u00e8re zen et po\u00e9tique pour la d\u00e9coration de cette chambre.<\/p><p>\u00ab\u00a0Le Feng Shui \u00e9t\u00e9 mis en avant dans ce projet afin de permettre aux clients un sommeil favorable.\u00a0\u00bb <\/p><p>Un sommeil r\u00e9parateur est la cl\u00e9 de notre vitalit\u00e9 pour le bon d\u00e9roulement de nos projets. <\/p><\/blockquote>\n\n\n\n<figure class=\"wp-block-image size-large\"><img loading=\"lazy\" width=\"1024\" height=\"683\" src=\"http:\/\/www.harmonieethabitat.com\/wp-content\/uploads\/2022\/06\/IMG_7500-1024x683.jpg\" alt=\"\" class=\"wp-image-409\" srcset=\"https:\/\/www.harmonieethabitat.com\/wp-content\/uploads\/2022\/06\/IMG_7500-1024x683.jpg 1024w, https:\/\/www.harmonieethabitat.com\/wp-content\/uploads\/2022\/06\/IMG_7500-300x200.jpg 300w, https:\/\/www.harmonieethabitat.com\/wp-content\/uploads\/2022\/06\/IMG_7500-768x512.jpg 768w, https:\/\/www.harmonieethabitat.com\/wp-content\/uploads\/2022\/06\/IMG_7500-1536x1024.jpg 1536w, https:\/\/www.harmonieethabitat.com\/wp-content\/uploads\/2022\/06\/IMG_7500-2048x1365.jpg 2048w, https:\/\/www.harmonieethabitat.com\/wp-content\/uploads\/2022\/06\/IMG_7500-1568x1045.jpg 1568w\" sizes=\"(max-width: 1024px) 100vw, 1024px\" \/><\/figure>\n\n\n\n<p><\/p>\n","protected":false},"excerpt":{"rendered":"<p>Une atmosph\u00e8re zen et po\u00e9tique pour la d\u00e9coration de cette chambre. \u00ab\u00a0Le Feng Shui \u00e9t\u00e9 mis en avant dans ce projet afin de permettre aux clients un sommeil favorable.\u00a0\u00bb Un sommeil r\u00e9parateur est la cl\u00e9 de notre vitalit\u00e9 pour le bon d\u00e9roulement de nos projets.<\/p>\n","protected":false},"author":2,"featured_media":0,"comment_status":"open","ping_status":"open","sticky":false,"template":"","format":"standard","meta":[],"categories":[1],"tags":[],"yoast_head":"<!-- This site is optimized with the Yoast SEO plugin v20.5 - https:\/\/yoast.com\/wordpress\/plugins\/seo\/ -->\n<title>Inspiration &quot;Kansai&quot; - Harmonie et Habitat<\/title>\n<meta name=\"robots\" content=\"index, follow, max-snippet:-1, max-image-preview:large, max-video-preview:-1\" \/>\n<link rel=\"canonical\" href=\"https:\/\/www.harmonieethabitat.com\/index.php\/2022\/06\/27\/inspiration-kansai\/\" \/>\n<meta property=\"og:locale\" content=\"fr_FR\" \/>\n<meta property=\"og:type\" content=\"article\" \/>\n<meta property=\"og:title\" content=\"Inspiration &quot;Kansai&quot; - Harmonie et Habitat\" \/>\n<meta property=\"og:description\" content=\"Une atmosph\u00e8re zen et po\u00e9tique pour la d\u00e9coration de cette chambre. \u00ab\u00a0Le Feng Shui \u00e9t\u00e9 mis en avant dans ce projet afin de permettre aux clients un sommeil favorable.\u00a0\u00bb Un sommeil r\u00e9parateur est la cl\u00e9 de notre vitalit\u00e9 pour le bon d\u00e9roulement de nos projets.\" \/>\n<meta property=\"og:url\" content=\"https:\/\/www.harmonieethabitat.com\/index.php\/2022\/06\/27\/inspiration-kansai\/\" \/>\n<meta property=\"og:site_name\" content=\"Harmonie et Habitat\" \/>\n<meta property=\"article:published_time\" content=\"2022-06-27T12:21:08+00:00\" \/>\n<meta property=\"article:modified_time\" content=\"2022-07-11T09:56:03+00:00\" \/>\n<meta property=\"og:image\" content=\"http:\/\/www.harmonieethabitat.com\/wp-content\/uploads\/2022\/06\/IMG_7500-1024x683.jpg\" \/>\n<meta name=\"author\" content=\"Elodie\" \/>\n<meta name=\"twitter:card\" content=\"summary_large_image\" \/>\n<meta name=\"twitter:label1\" content=\"\u00c9crit par\" \/>\n\t<meta name=\"twitter:data1\" content=\"Elodie\" \/>\n\t<meta name=\"twitter:label2\" content=\"Dur\u00e9e de lecture estim\u00e9e\" \/>\n\t<meta name=\"twitter:data2\" content=\"1 minute\" \/>\n<script type=\"application\/ld+json\" class=\"yoast-schema-graph\">{\"@context\":\"https:\/\/schema.org\",\"@graph\":[{\"@type\":\"Article\",\"@id\":\"https:\/\/www.harmonieethabitat.com\/index.php\/2022\/06\/27\/inspiration-kansai\/#article\",\"isPartOf\":{\"@id\":\"https:\/\/www.harmonieethabitat.com\/index.php\/2022\/06\/27\/inspiration-kansai\/\"},\"author\":{\"name\":\"Elodie\",\"@id\":\"https:\/\/www.harmonieethabitat.com\/#\/schema\/person\/217d5c569c26e2559d4da0220cd008d9\"},\"headline\":\"Inspiration \u00ab\u00a0Kansai\u00a0\u00bb\",\"datePublished\":\"2022-06-27T12:21:08+00:00\",\"dateModified\":\"2022-07-11T09:56:03+00:00\",\"mainEntityOfPage\":{\"@id\":\"https:\/\/www.harmonieethabitat.com\/index.php\/2022\/06\/27\/inspiration-kansai\/\"},\"wordCount\":52,\"commentCount\":0,\"publisher\":{\"@id\":\"https:\/\/www.harmonieethabitat.com\/#organization\"},\"inLanguage\":\"fr-FR\",\"potentialAction\":[{\"@type\":\"CommentAction\",\"name\":\"Comment\",\"target\":[\"https:\/\/www.harmonieethabitat.com\/index.php\/2022\/06\/27\/inspiration-kansai\/#respond\"]}]},{\"@type\":\"WebPage\",\"@id\":\"https:\/\/www.harmonieethabitat.com\/index.php\/2022\/06\/27\/inspiration-kansai\/\",\"url\":\"https:\/\/www.harmonieethabitat.com\/index.php\/2022\/06\/27\/inspiration-kansai\/\",\"name\":\"Inspiration \\\"Kansai\\\" - Harmonie et Habitat\",\"isPartOf\":{\"@id\":\"https:\/\/www.harmonieethabitat.com\/#website\"},\"datePublished\":\"2022-06-27T12:21:08+00:00\",\"dateModified\":\"2022-07-11T09:56:03+00:00\",\"breadcrumb\":{\"@id\":\"https:\/\/www.harmonieethabitat.com\/index.php\/2022\/06\/27\/inspiration-kansai\/#breadcrumb\"},\"inLanguage\":\"fr-FR\",\"potentialAction\":[{\"@type\":\"ReadAction\",\"target\":[\"https:\/\/www.harmonieethabitat.com\/index.php\/2022\/06\/27\/inspiration-kansai\/\"]}]},{\"@type\":\"BreadcrumbList\",\"@id\":\"https:\/\/www.harmonieethabitat.com\/index.php\/2022\/06\/27\/inspiration-kansai\/#breadcrumb\",\"itemListElement\":[{\"@type\":\"ListItem\",\"position\":1,\"name\":\"Accueil\",\"item\":\"https:\/\/www.harmonieethabitat.com\/\"},{\"@type\":\"ListItem\",\"position\":2,\"name\":\"Inspiration \u00ab\u00a0Kansai\u00a0\u00bb\"}]},{\"@type\":\"WebSite\",\"@id\":\"https:\/\/www.harmonieethabitat.com\/#website\",\"url\":\"https:\/\/www.harmonieethabitat.com\/\",\"name\":\"Harmonie et Habitat\",\"description\":\"\",\"publisher\":{\"@id\":\"https:\/\/www.harmonieethabitat.com\/#organization\"},\"potentialAction\":[{\"@type\":\"SearchAction\",\"target\":{\"@type\":\"EntryPoint\",\"urlTemplate\":\"https:\/\/www.harmonieethabitat.com\/?s={search_term_string}\"},\"query-input\":\"required name=search_term_string\"}],\"inLanguage\":\"fr-FR\"},{\"@type\":\"Organization\",\"@id\":\"https:\/\/www.harmonieethabitat.com\/#organization\",\"name\":\"Harmonie et Habitat\",\"url\":\"https:\/\/www.harmonieethabitat.com\/\",\"logo\":{\"@type\":\"ImageObject\",\"inLanguage\":\"fr-FR\",\"@id\":\"https:\/\/www.harmonieethabitat.com\/#\/schema\/logo\/image\/\",\"url\":\"https:\/\/www.harmonieethabitat.com\/wp-content\/uploads\/2021\/04\/cropped-logo-harmonie-et-habitat-definitif.jpg\",\"contentUrl\":\"https:\/\/www.harmonieethabitat.com\/wp-content\/uploads\/2021\/04\/cropped-logo-harmonie-et-habitat-definitif.jpg\",\"width\":512,\"height\":512,\"caption\":\"Harmonie et Habitat\"},\"image\":{\"@id\":\"https:\/\/www.harmonieethabitat.com\/#\/schema\/logo\/image\/\"}},{\"@type\":\"Person\",\"@id\":\"https:\/\/www.harmonieethabitat.com\/#\/schema\/person\/217d5c569c26e2559d4da0220cd008d9\",\"name\":\"Elodie\",\"image\":{\"@type\":\"ImageObject\",\"inLanguage\":\"fr-FR\",\"@id\":\"https:\/\/www.harmonieethabitat.com\/#\/schema\/person\/image\/\",\"url\":\"https:\/\/secure.gravatar.com\/avatar\/e0a2114a35a929737c9831fbb3ce8e01?s=96&d=mm&r=g\",\"contentUrl\":\"https:\/\/secure.gravatar.com\/avatar\/e0a2114a35a929737c9831fbb3ce8e01?s=96&d=mm&r=g\",\"caption\":\"Elodie\"},\"url\":\"https:\/\/www.harmonieethabitat.com\/index.php\/author\/elodie\/\"}]}<\/script>\n<!-- \/ Yoast SEO plugin. -->","yoast_head_json":{"title":"Inspiration \"Kansai\" - Harmonie et Habitat","robots":{"index":"index","follow":"follow","max-snippet":"max-snippet:-1","max-image-preview":"max-image-preview:large","max-video-preview":"max-video-preview:-1"},"canonical":"https:\/\/www.harmonieethabitat.com\/index.php\/2022\/06\/27\/inspiration-kansai\/","og_locale":"fr_FR","og_type":"article","og_title":"Inspiration \"Kansai\" - Harmonie et Habitat","og_description":"Une atmosph\u00e8re zen et po\u00e9tique pour la d\u00e9coration de cette chambre. \u00ab\u00a0Le Feng Shui \u00e9t\u00e9 mis en avant dans ce projet afin de permettre aux clients un sommeil favorable.\u00a0\u00bb Un sommeil r\u00e9parateur est la cl\u00e9 de notre vitalit\u00e9 pour le bon d\u00e9roulement de nos projets.","og_url":"https:\/\/www.harmonieethabitat.com\/index.php\/2022\/06\/27\/inspiration-kansai\/","og_site_name":"Harmonie et Habitat","article_published_time":"2022-06-27T12:21:08+00:00","article_modified_time":"2022-07-11T09:56:03+00:00","og_image":[{"url":"http:\/\/www.harmonieethabitat.com\/wp-content\/uploads\/2022\/06\/IMG_7500-1024x683.jpg"}],"author":"Elodie","twitter_card":"summary_large_image","twitter_misc":{"\u00c9crit par":"Elodie","Dur\u00e9e de lecture estim\u00e9e":"1 minute"},"schema":{"@context":"https:\/\/schema.org","@graph":[{"@type":"Article","@id":"https:\/\/www.harmonieethabitat.com\/index.php\/2022\/06\/27\/inspiration-kansai\/#article","isPartOf":{"@id":"https:\/\/www.harmonieethabitat.com\/index.php\/2022\/06\/27\/inspiration-kansai\/"},"author":{"name":"Elodie","@id":"https:\/\/www.harmonieethabitat.com\/#\/schema\/person\/217d5c569c26e2559d4da0220cd008d9"},"headline":"Inspiration \u00ab\u00a0Kansai\u00a0\u00bb","datePublished":"2022-06-27T12:21:08+00:00","dateModified":"2022-07-11T09:56:03+00:00","mainEntityOfPage":{"@id":"https:\/\/www.harmonieethabitat.com\/index.php\/2022\/06\/27\/inspiration-kansai\/"},"wordCount":52,"commentCount":0,"publisher":{"@id":"https:\/\/www.harmonieethabitat.com\/#organization"},"inLanguage":"fr-FR","potentialAction":[{"@type":"CommentAction","name":"Comment","target":["https:\/\/www.harmonieethabitat.com\/index.php\/2022\/06\/27\/inspiration-kansai\/#respond"]}]},{"@type":"WebPage","@id":"https:\/\/www.harmonieethabitat.com\/index.php\/2022\/06\/27\/inspiration-kansai\/","url":"https:\/\/www.harmonieethabitat.com\/index.php\/2022\/06\/27\/inspiration-kansai\/","name":"Inspiration \"Kansai\" - Harmonie et Habitat","isPartOf":{"@id":"https:\/\/www.harmonieethabitat.com\/#website"},"datePublished":"2022-06-27T12:21:08+00:00","dateModified":"2022-07-11T09:56:03+00:00","breadcrumb":{"@id":"https:\/\/www.harmonieethabitat.com\/index.php\/2022\/06\/27\/inspiration-kansai\/#breadcrumb"},"inLanguage":"fr-FR","potentialAction":[{"@type":"ReadAction","target":["https:\/\/www.harmonieethabitat.com\/index.php\/2022\/06\/27\/inspiration-kansai\/"]}]},{"@type":"BreadcrumbList","@id":"https:\/\/www.harmonieethabitat.com\/index.php\/2022\/06\/27\/inspiration-kansai\/#breadcrumb","itemListElement":[{"@type":"ListItem","position":1,"name":"Accueil","item":"https:\/\/www.harmonieethabitat.com\/"},{"@type":"ListItem","position":2,"name":"Inspiration \u00ab\u00a0Kansai\u00a0\u00bb"}]},{"@type":"WebSite","@id":"https:\/\/www.harmonieethabitat.com\/#website","url":"https:\/\/www.harmonieethabitat.com\/","name":"Harmonie et Habitat","description":"","publisher":{"@id":"https:\/\/www.harmonieethabitat.com\/#organization"},"potentialAction":[{"@type":"SearchAction","target":{"@type":"EntryPoint","urlTemplate":"https:\/\/www.harmonieethabitat.com\/?s={search_term_string}"},"query-input":"required name=search_term_string"}],"inLanguage":"fr-FR"},{"@type":"Organization","@id":"https:\/\/www.harmonieethabitat.com\/#organization","name":"Harmonie et Habitat","url":"https:\/\/www.harmonieethabitat.com\/","logo":{"@type":"ImageObject","inLanguage":"fr-FR","@id":"https:\/\/www.harmonieethabitat.com\/#\/schema\/logo\/image\/","url":"https:\/\/www.harmonieethabitat.com\/wp-content\/uploads\/2021\/04\/cropped-logo-harmonie-et-habitat-definitif.jpg","contentUrl":"https:\/\/www.harmonieethabitat.com\/wp-content\/uploads\/2021\/04\/cropped-logo-harmonie-et-habitat-definitif.jpg","width":512,"height":512,"caption":"Harmonie et Habitat"},"image":{"@id":"https:\/\/www.harmonieethabitat.com\/#\/schema\/logo\/image\/"}},{"@type":"Person","@id":"https:\/\/www.harmonieethabitat.com\/#\/schema\/person\/217d5c569c26e2559d4da0220cd008d9","name":"Elodie","image":{"@type":"ImageObject","inLanguage":"fr-FR","@id":"https:\/\/www.harmonieethabitat.com\/#\/schema\/person\/image\/","url":"https:\/\/secure.gravatar.com\/avatar\/e0a2114a35a929737c9831fbb3ce8e01?s=96&d=mm&r=g","contentUrl":"https:\/\/secure.gravatar.com\/avatar\/e0a2114a35a929737c9831fbb3ce8e01?s=96&d=mm&r=g","caption":"Elodie"},"url":"https:\/\/www.harmonieethabitat.com\/index.php\/author\/elodie\/"}]}},"_links":{"self":[{"href":"https:\/\/www.harmonieethabitat.com\/index.php\/wp-json\/wp\/v2\/posts\/407"}],"collection":[{"href":"https:\/\/www.harmonieethabitat.com\/index.php\/wp-json\/wp\/v2\/posts"}],"about":[{"href":"https:\/\/www.harmonieethabitat.com\/index.php\/wp-json\/wp\/v2\/types\/post"}],"author":[{"embeddable":true,"href":"https:\/\/www.harmonieethabitat.com\/index.php\/wp-json\/wp\/v2\/users\/2"}],"replies":[{"embeddable":true,"href":"https:\/\/www.harmonieethabitat.com\/index.php\/wp-json\/wp\/v2\/comments?post=407"}],"version-history":[{"count":6,"href":"https:\/\/www.harmonieethabitat.com\/index.php\/wp-json\/wp\/v2\/posts\/407\/revisions"}],"predecessor-version":[{"id":426,"href":"https:\/\/www.harmonieethabitat.com\/index.php\/wp-json\/wp\/v2\/posts\/407\/revisions\/426"}],"wp:attachment":[{"href":"https:\/\/www.harmonieethabitat.com\/index.php\/wp-json\/wp\/v2\/media?parent=407"}],"wp:term":[{"taxonomy":"category","embeddable":true,"href":"https:\/\/www.harmonieethabitat.com\/index.php\/wp-json\/wp\/v2\/categories?post=407"},{"taxonomy":"post_tag","embeddable":true,"href":"https:\/\/www.harmonieethabitat.com\/index.php\/wp-json\/wp\/v2\/tags?post=407"}],"curies":[{"name":"wp","href":"https:\/\/api.w.org\/{rel}","templated":true}]}}