{"id":138,"date":"2021-09-07T16:45:32","date_gmt":"2021-09-07T14:45:32","guid":{"rendered":"http:\/\/www.harmonieethabitat.com\/?p=138"},"modified":"2021-09-07T16:45:32","modified_gmt":"2021-09-07T14:45:32","slug":"cuisine-black-is-back","status":"publish","type":"post","link":"https:\/\/www.harmonieethabitat.com\/index.php\/2021\/09\/07\/cuisine-black-is-back\/","title":{"rendered":"Cuisine \u00ab\u00a0Black is Back\u00a0\u00bb"},"content":{"rendered":"\n<blockquote class=\"wp-block-quote\"><p><em>R\u00e9alisation d&rsquo;une cuisine<\/em> sur-mesure par un \u00e9b\u00e9niste de qualit\u00e9. <\/p><\/blockquote>\n\n\n\n<div class=\"wp-block-media-text alignwide is-stacked-on-mobile\"><figure class=\"wp-block-media-text__media\"><img loading=\"lazy\" width=\"1024\" height=\"1024\" src=\"http:\/\/www.harmonieethabitat.com\/wp-content\/uploads\/2021\/09\/Insta1-1024x1024.jpg\" alt=\"\" class=\"wp-image-154\" srcset=\"https:\/\/www.harmonieethabitat.com\/wp-content\/uploads\/2021\/09\/Insta1-1024x1024.jpg 1024w, https:\/\/www.harmonieethabitat.com\/wp-content\/uploads\/2021\/09\/Insta1-300x300.jpg 300w, https:\/\/www.harmonieethabitat.com\/wp-content\/uploads\/2021\/09\/Insta1-150x150.jpg 150w, https:\/\/www.harmonieethabitat.com\/wp-content\/uploads\/2021\/09\/Insta1-768x768.jpg 768w, https:\/\/www.harmonieethabitat.com\/wp-content\/uploads\/2021\/09\/Insta1-1536x1536.jpg 1536w, https:\/\/www.harmonieethabitat.com\/wp-content\/uploads\/2021\/09\/Insta1-2048x2048.jpg 2048w, https:\/\/www.harmonieethabitat.com\/wp-content\/uploads\/2021\/09\/Insta1-1568x1568.jpg 1568w\" sizes=\"(max-width: 1024px) 100vw, 1024px\" \/><\/figure><div class=\"wp-block-media-text__content\">\n<p class=\"has-large-font-size\">Plateau et cr\u00e9dence en Dekton\u00ae pour un effet marbre sans les contraintes d&rsquo;une pierre naturelle. <\/p>\n\n\n\n<blockquote class=\"wp-block-quote\"><p>Dekton\u00ae est un m\u00e9lange sophistiqu\u00e9 de mati\u00e8res premi\u00e8res utilis\u00e9es pour la fabrication de verre, de porcelaine  et de surfaces en quartz. <\/p><\/blockquote>\n\n\n\n<p><\/p>\n<\/div><\/div>\n\n\n\n<div class=\"wp-block-media-text alignwide has-media-on-the-right is-stacked-on-mobile\" style=\"grid-template-columns:auto 51%\"><figure class=\"wp-block-media-text__media\"><img loading=\"lazy\" width=\"1024\" height=\"1024\" src=\"http:\/\/www.harmonieethabitat.com\/wp-content\/uploads\/2021\/09\/Insta2-1024x1024.jpg\" alt=\"\" class=\"wp-image-155\" srcset=\"https:\/\/www.harmonieethabitat.com\/wp-content\/uploads\/2021\/09\/Insta2-1024x1024.jpg 1024w, https:\/\/www.harmonieethabitat.com\/wp-content\/uploads\/2021\/09\/Insta2-300x300.jpg 300w, https:\/\/www.harmonieethabitat.com\/wp-content\/uploads\/2021\/09\/Insta2-150x150.jpg 150w, https:\/\/www.harmonieethabitat.com\/wp-content\/uploads\/2021\/09\/Insta2-768x768.jpg 768w, https:\/\/www.harmonieethabitat.com\/wp-content\/uploads\/2021\/09\/Insta2-1536x1536.jpg 1536w, https:\/\/www.harmonieethabitat.com\/wp-content\/uploads\/2021\/09\/Insta2-2048x2048.jpg 2048w, https:\/\/www.harmonieethabitat.com\/wp-content\/uploads\/2021\/09\/Insta2-1568x1568.jpg 1568w\" sizes=\"(max-width: 1024px) 100vw, 1024px\" \/><\/figure><div class=\"wp-block-media-text__content\">\n<p class=\"has-large-font-size\">Demande du client <\/p>\n\n\n\n<blockquote class=\"wp-block-quote\"><p>R\u00e9organiser l&rsquo;espace cuisine et salle \u00e0 manger en int\u00e9grant une armoire d&rsquo;entr\u00e9e. <\/p><\/blockquote>\n\n\n\n<p><\/p>\n<\/div><\/div>\n\n\n\n<div class=\"wp-block-media-text alignwide is-stacked-on-mobile\"><figure class=\"wp-block-media-text__media\"><img loading=\"lazy\" width=\"999\" height=\"1024\" src=\"http:\/\/www.harmonieethabitat.com\/wp-content\/uploads\/2021\/09\/Insta3-999x1024.jpg\" alt=\"\" class=\"wp-image-156\" srcset=\"https:\/\/www.harmonieethabitat.com\/wp-content\/uploads\/2021\/09\/Insta3-999x1024.jpg 999w, https:\/\/www.harmonieethabitat.com\/wp-content\/uploads\/2021\/09\/Insta3-293x300.jpg 293w, https:\/\/www.harmonieethabitat.com\/wp-content\/uploads\/2021\/09\/Insta3-768x787.jpg 768w, https:\/\/www.harmonieethabitat.com\/wp-content\/uploads\/2021\/09\/Insta3-1499x1536.jpg 1499w, https:\/\/www.harmonieethabitat.com\/wp-content\/uploads\/2021\/09\/Insta3-1998x2048.jpg 1998w, https:\/\/www.harmonieethabitat.com\/wp-content\/uploads\/2021\/09\/Insta3-1568x1607.jpg 1568w\" sizes=\"(max-width: 999px) 100vw, 999px\" \/><\/figure><div class=\"wp-block-media-text__content\">\n<p class=\"has-large-font-size\">Finition<\/p>\n\n\n\n<blockquote class=\"wp-block-quote\"><p>R\u00e9alisation d&rsquo;une finition sur-mesure en placage naturel ch\u00eane teint\u00e9 et vernis noir mat. Int\u00e9gration des poign\u00e9es \u00e0 l&rsquo;int\u00e9rieur pour plus de discr\u00e9tion.<\/p><\/blockquote>\n<\/div><\/div>\n\n\n\n<div class=\"wp-block-media-text alignwide has-media-on-the-right is-stacked-on-mobile\"><figure class=\"wp-block-media-text__media\"><img loading=\"lazy\" width=\"1024\" height=\"1024\" src=\"http:\/\/www.harmonieethabitat.com\/wp-content\/uploads\/2021\/09\/insta4-1024x1024.jpg\" alt=\"\" class=\"wp-image-163\" srcset=\"https:\/\/www.harmonieethabitat.com\/wp-content\/uploads\/2021\/09\/insta4-1024x1024.jpg 1024w, https:\/\/www.harmonieethabitat.com\/wp-content\/uploads\/2021\/09\/insta4-300x300.jpg 300w, https:\/\/www.harmonieethabitat.com\/wp-content\/uploads\/2021\/09\/insta4-150x150.jpg 150w, https:\/\/www.harmonieethabitat.com\/wp-content\/uploads\/2021\/09\/insta4-768x768.jpg 768w, https:\/\/www.harmonieethabitat.com\/wp-content\/uploads\/2021\/09\/insta4-1536x1536.jpg 1536w, https:\/\/www.harmonieethabitat.com\/wp-content\/uploads\/2021\/09\/insta4-2048x2048.jpg 2048w, https:\/\/www.harmonieethabitat.com\/wp-content\/uploads\/2021\/09\/insta4-1568x1568.jpg 1568w\" sizes=\"(max-width: 1024px) 100vw, 1024px\" \/><\/figure><div class=\"wp-block-media-text__content\">\n<p class=\"has-large-font-size\">D\u00e9tail <\/p>\n\n\n\n<blockquote class=\"wp-block-quote\"><p>Poign\u00e9es noires sur un ensemble d&rsquo;armoire en laque de couleur clair.   <\/p><\/blockquote>\n<\/div><\/div>\n","protected":false},"excerpt":{"rendered":"<p>R\u00e9alisation d&rsquo;une cuisine sur-mesure par un \u00e9b\u00e9niste de qualit\u00e9. Plateau et cr\u00e9dence en Dekton\u00ae pour un effet marbre sans les contraintes d&rsquo;une pierre naturelle. Dekton\u00ae est un m\u00e9lange sophistiqu\u00e9 de mati\u00e8res premi\u00e8res utilis\u00e9es pour la fabrication de verre, de porcelaine et de surfaces en quartz. Demande du client R\u00e9organiser l&rsquo;espace cuisine et salle \u00e0 manger<a class=\"more-link\" href=\"https:\/\/www.harmonieethabitat.com\/index.php\/2021\/09\/07\/cuisine-black-is-back\/\">Continue reading <span class=\"screen-reader-text\">\u00ab\u00a0Cuisine \u00ab\u00a0Black is Back\u00a0\u00bb\u00a0\u00bb<\/span><\/a><\/p>\n","protected":false},"author":2,"featured_media":0,"comment_status":"open","ping_status":"open","sticky":false,"template":"","format":"standard","meta":[],"categories":[1],"tags":[],"yoast_head":"<!-- This site is optimized with the Yoast SEO plugin v20.5 - https:\/\/yoast.com\/wordpress\/plugins\/seo\/ -->\n<title>Cuisine &quot;Black is Back&quot; - Harmonie et Habitat<\/title>\n<meta name=\"robots\" content=\"index, follow, max-snippet:-1, max-image-preview:large, max-video-preview:-1\" \/>\n<link rel=\"canonical\" href=\"https:\/\/www.harmonieethabitat.com\/index.php\/2021\/09\/07\/cuisine-black-is-back\/\" \/>\n<meta property=\"og:locale\" content=\"fr_FR\" \/>\n<meta property=\"og:type\" content=\"article\" \/>\n<meta property=\"og:title\" content=\"Cuisine &quot;Black is Back&quot; - Harmonie et Habitat\" \/>\n<meta property=\"og:description\" content=\"R\u00e9alisation d&rsquo;une cuisine sur-mesure par un \u00e9b\u00e9niste de qualit\u00e9. Plateau et cr\u00e9dence en Dekton\u00ae pour un effet marbre sans les contraintes d&rsquo;une pierre naturelle. Dekton\u00ae est un m\u00e9lange sophistiqu\u00e9 de mati\u00e8res premi\u00e8res utilis\u00e9es pour la fabrication de verre, de porcelaine et de surfaces en quartz. Demande du client R\u00e9organiser l&rsquo;espace cuisine et salle \u00e0 mangerContinue reading &quot;Cuisine \u00ab\u00a0Black is Back\u00a0\u00bb&quot;\" \/>\n<meta property=\"og:url\" content=\"https:\/\/www.harmonieethabitat.com\/index.php\/2021\/09\/07\/cuisine-black-is-back\/\" \/>\n<meta property=\"og:site_name\" content=\"Harmonie et Habitat\" \/>\n<meta property=\"article:published_time\" content=\"2021-09-07T14:45:32+00:00\" \/>\n<meta property=\"og:image\" content=\"http:\/\/www.harmonieethabitat.com\/wp-content\/uploads\/2021\/09\/Insta1-1024x1024.jpg\" \/>\n<meta name=\"author\" content=\"Elodie\" \/>\n<meta name=\"twitter:card\" content=\"summary_large_image\" \/>\n<meta name=\"twitter:label1\" content=\"\u00c9crit par\" \/>\n\t<meta name=\"twitter:data1\" content=\"Elodie\" \/>\n\t<meta name=\"twitter:label2\" content=\"Dur\u00e9e de lecture estim\u00e9e\" \/>\n\t<meta name=\"twitter:data2\" content=\"1 minute\" \/>\n<script type=\"application\/ld+json\" class=\"yoast-schema-graph\">{\"@context\":\"https:\/\/schema.org\",\"@graph\":[{\"@type\":\"Article\",\"@id\":\"https:\/\/www.harmonieethabitat.com\/index.php\/2021\/09\/07\/cuisine-black-is-back\/#article\",\"isPartOf\":{\"@id\":\"https:\/\/www.harmonieethabitat.com\/index.php\/2021\/09\/07\/cuisine-black-is-back\/\"},\"author\":{\"name\":\"Elodie\",\"@id\":\"https:\/\/www.harmonieethabitat.com\/#\/schema\/person\/217d5c569c26e2559d4da0220cd008d9\"},\"headline\":\"Cuisine \u00ab\u00a0Black is Back\u00a0\u00bb\",\"datePublished\":\"2021-09-07T14:45:32+00:00\",\"dateModified\":\"2021-09-07T14:45:32+00:00\",\"mainEntityOfPage\":{\"@id\":\"https:\/\/www.harmonieethabitat.com\/index.php\/2021\/09\/07\/cuisine-black-is-back\/\"},\"wordCount\":115,\"commentCount\":0,\"publisher\":{\"@id\":\"https:\/\/www.harmonieethabitat.com\/#organization\"},\"inLanguage\":\"fr-FR\",\"potentialAction\":[{\"@type\":\"CommentAction\",\"name\":\"Comment\",\"target\":[\"https:\/\/www.harmonieethabitat.com\/index.php\/2021\/09\/07\/cuisine-black-is-back\/#respond\"]}]},{\"@type\":\"WebPage\",\"@id\":\"https:\/\/www.harmonieethabitat.com\/index.php\/2021\/09\/07\/cuisine-black-is-back\/\",\"url\":\"https:\/\/www.harmonieethabitat.com\/index.php\/2021\/09\/07\/cuisine-black-is-back\/\",\"name\":\"Cuisine \\\"Black is Back\\\" - Harmonie et Habitat\",\"isPartOf\":{\"@id\":\"https:\/\/www.harmonieethabitat.com\/#website\"},\"datePublished\":\"2021-09-07T14:45:32+00:00\",\"dateModified\":\"2021-09-07T14:45:32+00:00\",\"breadcrumb\":{\"@id\":\"https:\/\/www.harmonieethabitat.com\/index.php\/2021\/09\/07\/cuisine-black-is-back\/#breadcrumb\"},\"inLanguage\":\"fr-FR\",\"potentialAction\":[{\"@type\":\"ReadAction\",\"target\":[\"https:\/\/www.harmonieethabitat.com\/index.php\/2021\/09\/07\/cuisine-black-is-back\/\"]}]},{\"@type\":\"BreadcrumbList\",\"@id\":\"https:\/\/www.harmonieethabitat.com\/index.php\/2021\/09\/07\/cuisine-black-is-back\/#breadcrumb\",\"itemListElement\":[{\"@type\":\"ListItem\",\"position\":1,\"name\":\"Accueil\",\"item\":\"https:\/\/www.harmonieethabitat.com\/\"},{\"@type\":\"ListItem\",\"position\":2,\"name\":\"Cuisine \u00ab\u00a0Black is Back\u00a0\u00bb\"}]},{\"@type\":\"WebSite\",\"@id\":\"https:\/\/www.harmonieethabitat.com\/#website\",\"url\":\"https:\/\/www.harmonieethabitat.com\/\",\"name\":\"Harmonie et Habitat\",\"description\":\"\",\"publisher\":{\"@id\":\"https:\/\/www.harmonieethabitat.com\/#organization\"},\"potentialAction\":[{\"@type\":\"SearchAction\",\"target\":{\"@type\":\"EntryPoint\",\"urlTemplate\":\"https:\/\/www.harmonieethabitat.com\/?s={search_term_string}\"},\"query-input\":\"required name=search_term_string\"}],\"inLanguage\":\"fr-FR\"},{\"@type\":\"Organization\",\"@id\":\"https:\/\/www.harmonieethabitat.com\/#organization\",\"name\":\"Harmonie et Habitat\",\"url\":\"https:\/\/www.harmonieethabitat.com\/\",\"logo\":{\"@type\":\"ImageObject\",\"inLanguage\":\"fr-FR\",\"@id\":\"https:\/\/www.harmonieethabitat.com\/#\/schema\/logo\/image\/\",\"url\":\"https:\/\/www.harmonieethabitat.com\/wp-content\/uploads\/2021\/04\/cropped-logo-harmonie-et-habitat-definitif.jpg\",\"contentUrl\":\"https:\/\/www.harmonieethabitat.com\/wp-content\/uploads\/2021\/04\/cropped-logo-harmonie-et-habitat-definitif.jpg\",\"width\":512,\"height\":512,\"caption\":\"Harmonie et Habitat\"},\"image\":{\"@id\":\"https:\/\/www.harmonieethabitat.com\/#\/schema\/logo\/image\/\"}},{\"@type\":\"Person\",\"@id\":\"https:\/\/www.harmonieethabitat.com\/#\/schema\/person\/217d5c569c26e2559d4da0220cd008d9\",\"name\":\"Elodie\",\"image\":{\"@type\":\"ImageObject\",\"inLanguage\":\"fr-FR\",\"@id\":\"https:\/\/www.harmonieethabitat.com\/#\/schema\/person\/image\/\",\"url\":\"https:\/\/secure.gravatar.com\/avatar\/e0a2114a35a929737c9831fbb3ce8e01?s=96&d=mm&r=g\",\"contentUrl\":\"https:\/\/secure.gravatar.com\/avatar\/e0a2114a35a929737c9831fbb3ce8e01?s=96&d=mm&r=g\",\"caption\":\"Elodie\"},\"url\":\"https:\/\/www.harmonieethabitat.com\/index.php\/author\/elodie\/\"}]}<\/script>\n<!-- \/ Yoast SEO plugin. -->","yoast_head_json":{"title":"Cuisine \"Black is Back\" - Harmonie et Habitat","robots":{"index":"index","follow":"follow","max-snippet":"max-snippet:-1","max-image-preview":"max-image-preview:large","max-video-preview":"max-video-preview:-1"},"canonical":"https:\/\/www.harmonieethabitat.com\/index.php\/2021\/09\/07\/cuisine-black-is-back\/","og_locale":"fr_FR","og_type":"article","og_title":"Cuisine \"Black is Back\" - Harmonie et Habitat","og_description":"R\u00e9alisation d&rsquo;une cuisine sur-mesure par un \u00e9b\u00e9niste de qualit\u00e9. Plateau et cr\u00e9dence en Dekton\u00ae pour un effet marbre sans les contraintes d&rsquo;une pierre naturelle. Dekton\u00ae est un m\u00e9lange sophistiqu\u00e9 de mati\u00e8res premi\u00e8res utilis\u00e9es pour la fabrication de verre, de porcelaine et de surfaces en quartz. Demande du client R\u00e9organiser l&rsquo;espace cuisine et salle \u00e0 mangerContinue reading \"Cuisine \u00ab\u00a0Black is Back\u00a0\u00bb\"","og_url":"https:\/\/www.harmonieethabitat.com\/index.php\/2021\/09\/07\/cuisine-black-is-back\/","og_site_name":"Harmonie et Habitat","article_published_time":"2021-09-07T14:45:32+00:00","og_image":[{"url":"http:\/\/www.harmonieethabitat.com\/wp-content\/uploads\/2021\/09\/Insta1-1024x1024.jpg"}],"author":"Elodie","twitter_card":"summary_large_image","twitter_misc":{"\u00c9crit par":"Elodie","Dur\u00e9e de lecture estim\u00e9e":"1 minute"},"schema":{"@context":"https:\/\/schema.org","@graph":[{"@type":"Article","@id":"https:\/\/www.harmonieethabitat.com\/index.php\/2021\/09\/07\/cuisine-black-is-back\/#article","isPartOf":{"@id":"https:\/\/www.harmonieethabitat.com\/index.php\/2021\/09\/07\/cuisine-black-is-back\/"},"author":{"name":"Elodie","@id":"https:\/\/www.harmonieethabitat.com\/#\/schema\/person\/217d5c569c26e2559d4da0220cd008d9"},"headline":"Cuisine \u00ab\u00a0Black is Back\u00a0\u00bb","datePublished":"2021-09-07T14:45:32+00:00","dateModified":"2021-09-07T14:45:32+00:00","mainEntityOfPage":{"@id":"https:\/\/www.harmonieethabitat.com\/index.php\/2021\/09\/07\/cuisine-black-is-back\/"},"wordCount":115,"commentCount":0,"publisher":{"@id":"https:\/\/www.harmonieethabitat.com\/#organization"},"inLanguage":"fr-FR","potentialAction":[{"@type":"CommentAction","name":"Comment","target":["https:\/\/www.harmonieethabitat.com\/index.php\/2021\/09\/07\/cuisine-black-is-back\/#respond"]}]},{"@type":"WebPage","@id":"https:\/\/www.harmonieethabitat.com\/index.php\/2021\/09\/07\/cuisine-black-is-back\/","url":"https:\/\/www.harmonieethabitat.com\/index.php\/2021\/09\/07\/cuisine-black-is-back\/","name":"Cuisine \"Black is Back\" - Harmonie et Habitat","isPartOf":{"@id":"https:\/\/www.harmonieethabitat.com\/#website"},"datePublished":"2021-09-07T14:45:32+00:00","dateModified":"2021-09-07T14:45:32+00:00","breadcrumb":{"@id":"https:\/\/www.harmonieethabitat.com\/index.php\/2021\/09\/07\/cuisine-black-is-back\/#breadcrumb"},"inLanguage":"fr-FR","potentialAction":[{"@type":"ReadAction","target":["https:\/\/www.harmonieethabitat.com\/index.php\/2021\/09\/07\/cuisine-black-is-back\/"]}]},{"@type":"BreadcrumbList","@id":"https:\/\/www.harmonieethabitat.com\/index.php\/2021\/09\/07\/cuisine-black-is-back\/#breadcrumb","itemListElement":[{"@type":"ListItem","position":1,"name":"Accueil","item":"https:\/\/www.harmonieethabitat.com\/"},{"@type":"ListItem","position":2,"name":"Cuisine \u00ab\u00a0Black is Back\u00a0\u00bb"}]},{"@type":"WebSite","@id":"https:\/\/www.harmonieethabitat.com\/#website","url":"https:\/\/www.harmonieethabitat.com\/","name":"Harmonie et Habitat","description":"","publisher":{"@id":"https:\/\/www.harmonieethabitat.com\/#organization"},"potentialAction":[{"@type":"SearchAction","target":{"@type":"EntryPoint","urlTemplate":"https:\/\/www.harmonieethabitat.com\/?s={search_term_string}"},"query-input":"required name=search_term_string"}],"inLanguage":"fr-FR"},{"@type":"Organization","@id":"https:\/\/www.harmonieethabitat.com\/#organization","name":"Harmonie et Habitat","url":"https:\/\/www.harmonieethabitat.com\/","logo":{"@type":"ImageObject","inLanguage":"fr-FR","@id":"https:\/\/www.harmonieethabitat.com\/#\/schema\/logo\/image\/","url":"https:\/\/www.harmonieethabitat.com\/wp-content\/uploads\/2021\/04\/cropped-logo-harmonie-et-habitat-definitif.jpg","contentUrl":"https:\/\/www.harmonieethabitat.com\/wp-content\/uploads\/2021\/04\/cropped-logo-harmonie-et-habitat-definitif.jpg","width":512,"height":512,"caption":"Harmonie et Habitat"},"image":{"@id":"https:\/\/www.harmonieethabitat.com\/#\/schema\/logo\/image\/"}},{"@type":"Person","@id":"https:\/\/www.harmonieethabitat.com\/#\/schema\/person\/217d5c569c26e2559d4da0220cd008d9","name":"Elodie","image":{"@type":"ImageObject","inLanguage":"fr-FR","@id":"https:\/\/www.harmonieethabitat.com\/#\/schema\/person\/image\/","url":"https:\/\/secure.gravatar.com\/avatar\/e0a2114a35a929737c9831fbb3ce8e01?s=96&d=mm&r=g","contentUrl":"https:\/\/secure.gravatar.com\/avatar\/e0a2114a35a929737c9831fbb3ce8e01?s=96&d=mm&r=g","caption":"Elodie"},"url":"https:\/\/www.harmonieethabitat.com\/index.php\/author\/elodie\/"}]}},"_links":{"self":[{"href":"https:\/\/www.harmonieethabitat.com\/index.php\/wp-json\/wp\/v2\/posts\/138"}],"collection":[{"href":"https:\/\/www.harmonieethabitat.com\/index.php\/wp-json\/wp\/v2\/posts"}],"about":[{"href":"https:\/\/www.harmonieethabitat.com\/index.php\/wp-json\/wp\/v2\/types\/post"}],"author":[{"embeddable":true,"href":"https:\/\/www.harmonieethabitat.com\/index.php\/wp-json\/wp\/v2\/users\/2"}],"replies":[{"embeddable":true,"href":"https:\/\/www.harmonieethabitat.com\/index.php\/wp-json\/wp\/v2\/comments?post=138"}],"version-history":[{"count":8,"href":"https:\/\/www.harmonieethabitat.com\/index.php\/wp-json\/wp\/v2\/posts\/138\/revisions"}],"predecessor-version":[{"id":164,"href":"https:\/\/www.harmonieethabitat.com\/index.php\/wp-json\/wp\/v2\/posts\/138\/revisions\/164"}],"wp:attachment":[{"href":"https:\/\/www.harmonieethabitat.com\/index.php\/wp-json\/wp\/v2\/media?parent=138"}],"wp:term":[{"taxonomy":"category","embeddable":true,"href":"https:\/\/www.harmonieethabitat.com\/index.php\/wp-json\/wp\/v2\/categories?post=138"},{"taxonomy":"post_tag","embeddable":true,"href":"https:\/\/www.harmonieethabitat.com\/index.php\/wp-json\/wp\/v2\/tags?post=138"}],"curies":[{"name":"wp","href":"https:\/\/api.w.org\/{rel}","templated":true}]}}